{"id":6566,"date":"2019-05-03T10:21:00","date_gmt":"2019-05-03T08:21:00","guid":{"rendered":"https:\/\/www.temperatur.nu\/info\/?p=6566"},"modified":"2021-12-07T14:36:08","modified_gmt":"2021-12-07T13:36:08","slug":"privacy-policy-temperatur-nu-widget","status":"publish","type":"post","link":"https:\/\/www.temperatur.nu\/info\/privacy-policy-temperatur-nu-widget\/","title":{"rendered":"Privacy policy temperatur.nu Widget"},"content":{"rendered":"\n<p>Privacy policy till v\u00e5r Widget-app till Android. <a href=\"https:\/\/play.google.com\/store\/apps\/details?id=com.kilobit.tnuwidget\">Appen kan laddas ner via Google Play<\/a>. <\/p>\n\n\n\n<h3 class=\"wp-block-heading\">Integritet<\/h3>\n\n\n\n<p>Vi tar integritet p\u00e5 stort allvar och f\u00f6ljande principer g\u00e4ller f\u00f6ljande f\u00f6r v\u00e5rt integritetsskydd och skydd av personuppgifter:<\/p>\n\n\n\n<ul class=\"wp-block-list\"><li>Vi respekterar och skyddar v\u00e5ra anv\u00e4ndares integritet och personuppgifter enligt g\u00e4llande lagar och f\u00f6reskrifter.<\/li><li>Vi begr\u00e4nsar anv\u00e4ndning och behandling av personuppgifter till de \u00e4ndam\u00e5l som vi beh\u00f6ver, och endast med uttryckligt samtycke eller annan r\u00e4ttslig grund.<\/li><li>Vi beh\u00e5ller inte personuppgifter l\u00e4ngre \u00e4n n\u00f6dv\u00e4ndigt och f\u00f6ljer g\u00e4llande regler och villkor f\u00f6r lagring av personuppgifter.<\/li><\/ul>\n\n\n\n<p>V\u00e5r integritetspolicy \/ privacy policy \u00e4r i enlighet med g\u00e4llande lagar och f\u00f6reskrifter s\u00e5som, men ej begr\u00e4nsat till, dataskyddsf\u00f6rordningen och \u201dGDPR\u201d, och ligger till grund f\u00f6r hur vi behandlar era personuppgifter d\u00e5 ni anv\u00e4nder Temperatur.nu Widget.<\/p>\n\n\n\n<h3 class=\"wp-block-heading\">Vilka \u00e4r vi?<\/h3>\n\n\n\n<p>Temperatur.nu widget drivs och utvecklas av Kilobit Sverige AB, Bl\u00e4stadsgatan 12, 58923 Link\u00f6ping, Sverige. Organisationsnummer: 556875-0839.<\/p>\n\n\n\n<h3 class=\"wp-block-heading\">Vilka uppgifter samlar vi in?<\/h3>\n\n\n\n<p>Inom ramen f\u00f6r den h\u00e4r integritetspolicyn inneb\u00e4r personuppgifter all information genom vilken vi kan identifiera er. D\u00e5 du laddar ner temperatur.nu widget och anv\u00e4nder appen genereras personuppgifter och dessa inkluderar f\u00f6ljande:<\/p>\n\n\n\n<p>ALLM\u00c4NNA:<\/p>\n\n\n\n<ul class=\"wp-block-list\"><li>Teknisk information, som IP-adress, telefonmodell och operativsystem osv. Som vi kan samla in via webbsignaler och liknande tekniker i appen f\u00f6r att f\u00e5 information om anv\u00e4ndningen av v\u00e5r app.<\/li><\/ul>\n\n\n\n<p>S\u00c4RSKILDA KATEGORIER AV PERSONUPPGIFTER SOM TILLHANDAH\u00c5LLS AV ER:<\/p>\n\n\n\n<ul class=\"wp-block-list\"><li>Mobiltelefonens position n\u00e4r du lagt till en widget med inst\u00e4llningen &#8221;N\u00e4rmaste m\u00e4tpunkt&#8221;. Detta \u00e4r n\u00f6dv\u00e4ndigt f\u00f6r att kunna visa den n\u00e4rmaste temperaturen fr\u00e5n temperatur.nu p\u00e5 widgeten. D\u00e5 widgeten uppdateras automatiskt beh\u00f6ver appen tillg\u00e5ng till platsdata \u00e4ven i bakgrunden via inst\u00e4llningen &#8221;Till\u00e5t alltid&#8221; under beh\u00f6righeten f\u00f6r platsdata.<\/li><\/ul>\n\n\n\n<p>N\u00e4r du anv\u00e4nder appen ger du ditt samtycke till att vi behandlar dessa personuppgifter. Du kan v\u00e4gra samtycke, men d\u00e5 kan du inte anv\u00e4nda appen. Du kan n\u00e4r som helst \u00e5terkalla ditt samtycke genom att sluta anv\u00e4nda Temperatur.nu widget. Se mer i avsnittet om &#8221;Era r\u00e4ttigheter&#8221; nedan.<\/p>\n\n\n\n<h3 class=\"wp-block-heading\">Hur anv\u00e4nder vi uppgifterna?<\/h3>\n\n\n\n<p>Vi samlar in och anv\u00e4nder era personuppgifter f\u00f6r de \u00e4ndam\u00e5l som beskrivs nedan. V\u00e4nligen notera att i den utstr\u00e4ckning som vi redan har uppgifter om er, kan vi anv\u00e4nda s\u00e5dana uppgifter f\u00f6r samma \u00e4ndam\u00e5l.<\/p>\n\n\n\n<ul class=\"wp-block-list\"><li><strong>F\u00f6r att kunna visa aktuell temperatur i en widget p\u00e5 din hemsk\u00e4rm.<\/strong>&nbsp;Detta g\u00e4ller s\u00e5 l\u00e4nge du har en widget fr\u00e5n appen tillagd p\u00e5 din hemsk\u00e4rm.<\/li><li><strong>Andra ber\u00e4ttiga intressen.<\/strong>&nbsp;Exempel p\u00e5 detta \u00e4r f\u00f6r att generera sammanslagen statistik om anv\u00e4ndningen av appen, f\u00f6r att administrera v\u00e5r tj\u00e4nst och f\u00f6r intern verksamhet (inklusive fels\u00f6kning, dataanalys och testning ).<\/li><\/ul>\n\n\n\n<hr class=\"wp-block-separator\"\/>\n\n\n\n<p>V\u00e5r anv\u00e4ndning av era personuppgifter baseras p\u00e5 det samtycke som vi antar blir givet d\u00e5 du laddar ner Temperatur.nu widget och anv\u00e4nder den. Vi kan anv\u00e4nda de personuppgifter som h\u00e4nvisas till i underavsnittet \u201dS\u00e4rskilda kategorier av personuppgifter\u201d f\u00f6r de \u00e4ndam\u00e5l som beskrivs i den h\u00e4r integritetspolicyn, men enbart efter att du i appen gett ditt medgivande.<\/p>\n\n\n\n<p>Ni kan n\u00e4r som helst ta tillbaka ert samtycke. Se avsnittet om \u201dEra r\u00e4ttigheter\u201d nedan.<\/p>\n\n\n\n<h3 class=\"wp-block-heading\">Vilka delar vi era uppgifter med?<\/h3>\n\n\n\n<p>Vi delar inte dina personuppgifter med n\u00e5gon extern part.<\/p>\n\n\n\n<h3 class=\"wp-block-heading\">S\u00e4kerhet<\/h3>\n\n\n\n<p>Vi kommer att vidta alla sk\u00e4liga \u00e5tg\u00e4rder f\u00f6r att garantera att era personuppgifter \u00e4r skyddade med hj\u00e4lp av l\u00e4mpliga tekniska, fysiska och andra strukturella \u00e5tg\u00e4rder, s\u00e5 att de skyddas mot obeh\u00f6rig eller olaglig anv\u00e4ndning, \u00e4ndring, obeh\u00f6rig \u00e5tkomst eller avsl\u00f6jande, oavsiktlig eller r\u00e4ttsstridig f\u00f6rst\u00f6relse och f\u00f6rlust.<\/p>\n\n\n\n<h3 class=\"wp-block-heading\">Lagring av personuppgifter<\/h3>\n\n\n\n<p>Vi lagrar era personuppgifter s\u00e5 l\u00e4nge som beh\u00f6vs f\u00f6r att uppfylla de \u00e4ndam\u00e5l som vi samlade in uppgifterna f\u00f6r samt f\u00f6r att uppfylla eventuella r\u00e4ttsliga krav.<\/p>\n\n\n\n<p>N\u00e4r vi best\u00e4mmer l\u00e4mplig tidsperiod f\u00f6r att lagra uppgifterna \u00f6verv\u00e4ger vi m\u00e4ngden uppgifter, deras natur samt uppgifternas k\u00e4nslighet, risk f\u00f6r skador p\u00e5 grund av obeh\u00f6rig anv\u00e4ndning eller avsl\u00f6jande av personuppgifter, \u00e4ndam\u00e5l f\u00f6r vilka vi behandlar era personuppgifter och om vi kan uppfylla dessa \u00e4ndam\u00e5l p\u00e5 annat s\u00e4tt, s\u00e5 v\u00e4l som de juridiska kraven.<\/p>\n\n\n\n<h3 class=\"wp-block-heading\">Era r\u00e4ttigheter<\/h3>\n\n\n\n<p>Med f\u00f6rbeh\u00e5ll f\u00f6r villkoren i g\u00e4llande lag har ni f\u00f6ljande r\u00e4ttigheter avseende v\u00e5r anv\u00e4ndning och behandling av era personuppgifter:<\/p>\n\n\n\n<p><strong>R\u00e4tt till \u00e5tkomst till era personuppgifter<\/strong>&nbsp;\u2012 Ni har r\u00e4tt att beg\u00e4ra \u00e5tkomst till eventuella personuppgifter som vi kan ha samlat in om er och att kontrollera att vi behandlar s\u00e5dana uppgifter p\u00e5 ett lagligt s\u00e4tt. <\/p>\n\n\n\n<p><strong>R\u00e4tt att korrigera era personuppgifter<\/strong>&nbsp;\u2013 Det finns normalt sett inga korrigeringsbara uppgifter om dig som anv\u00e4ndare av appen. <\/p>\n\n\n\n<p><strong>R\u00e4tt att radera era personuppgifter<\/strong>&nbsp;\u2013 Det finns normalt sett inga raderingsbara uppgifter ut\u00f6ver loggfiler med ipnummer och position som automatiskt raderas l\u00f6pande. <\/p>\n\n\n\n<p><strong>Inge klagom\u00e5l<\/strong>&nbsp;\u2013 Ni har ocks\u00e5 r\u00e4tten att inge ett klagom\u00e5l hos relevant tillsynsmyndighet ifall ni anser att insamlingen och anv\u00e4ndningen av era personuppgifter strider mot den h\u00e4r integritetspolicyn eller g\u00e4llande lag. Vi skulle dock uppskatta ifall ni f\u00f6rst tar upp eventuella fr\u00e5gor direkt med oss.<br>F\u00f6r ytterligare information avseende er r\u00e4tt att ut\u00f6va era r\u00e4ttigheter kontakta oss. V\u00e5ra kontaktuppgifter hittar du l\u00e4ngre ner p\u00e5 denna sida.&nbsp;Vi kan komma att beh\u00f6va beg\u00e4ra specifik information fr\u00e5n er f\u00f6r att bekr\u00e4fta er identitet och kontrollera er r\u00e4tt att f\u00e5 \u00e5tkomst till era personuppgifter (eller f\u00f6r att ut\u00f6va andra r\u00e4ttigheter). D\u00e5 den enda personinformationen vi lagrar finns i temperatur.nus webbserver i form av ip-nummer och position beh\u00f6ver du styrka att det \u00e4r du som anv\u00e4nt ett visst ip-nummer vid en viss tidpunkt. Detta \u00e4r en s\u00e4kerhets\u00e5tg\u00e4rd f\u00f6r att se till att personuppgifter inte avsl\u00f6jas f\u00f6r en person som inte har r\u00e4tt till dem. &nbsp;Vi f\u00f6rs\u00f6ker att svara p\u00e5 alla legitima f\u00f6rfr\u00e5gningar inom en vecka. Ibland kan det ta l\u00e4ngre \u00e4n s\u00e5 om er f\u00f6rfr\u00e5gan \u00e4r s\u00e4rskilt komplicerad eller ifall ni har flera olika f\u00f6rfr\u00e5gningar. I s\u00e5dana fall meddelar vi er och h\u00e5ller er uppdaterad.<\/p>\n\n\n\n<h3 class=\"wp-block-heading\">\u00c4ndringar i integritetspolicyn<\/h3>\n\n\n\n<p>Denna integritetspolicy kan \u00e4ndras och alla \u00e4ndringar tr\u00e4der i kraft s\u00e5 fort de har postats p\u00e5 webbplatsen.<\/p>\n\n\n\n<p>Integritetspolicyn \u00e4r senast \u00e4ndrad den 12 maj 2021.<\/p>\n\n\n\n<h3 class=\"wp-block-heading\">Kontaktinformation<\/h3>\n\n\n\n<p>Du n\u00e5r v\u00e5r support via <a href=\"mailto:support@temperatur.nu\">support@temperatur.nu<\/a><\/p>\n","protected":false},"excerpt":{"rendered":"<p>Privacy policy till v\u00e5r Widget-app till Android. Appen kan laddas ner via Google Play. Integritet Vi tar integritet p\u00e5 stort allvar och f\u00f6ljande principer g\u00e4ller f\u00f6ljande f\u00f6r v\u00e5rt integritetsskydd och skydd av personuppgifter: Vi respekterar och skyddar v\u00e5ra anv\u00e4ndares integritet och personuppgifter enligt g\u00e4llande lagar och f\u00f6reskrifter. Vi begr\u00e4nsar anv\u00e4ndning och behandling av personuppgifter till [&hellip;]<\/p>\n","protected":false},"author":1,"featured_media":0,"comment_status":"closed","ping_status":"open","sticky":false,"template":"","format":"standard","meta":{"ngg_post_thumbnail":0,"footnotes":""},"categories":[2],"tags":[],"class_list":["post-6566","post","type-post","status-publish","format-standard","hentry","category-temperatur-nu"],"blocksy_meta":{"styles_descriptor":{"styles":{"desktop":"","tablet":"","mobile":""},"google_fonts":[],"version":6}},"_links":{"self":[{"href":"https:\/\/www.temperatur.nu\/info\/wp-json\/wp\/v2\/posts\/6566","targetHints":{"allow":["GET"]}}],"collection":[{"href":"https:\/\/www.temperatur.nu\/info\/wp-json\/wp\/v2\/posts"}],"about":[{"href":"https:\/\/www.temperatur.nu\/info\/wp-json\/wp\/v2\/types\/post"}],"author":[{"embeddable":true,"href":"https:\/\/www.temperatur.nu\/info\/wp-json\/wp\/v2\/users\/1"}],"replies":[{"embeddable":true,"href":"https:\/\/www.temperatur.nu\/info\/wp-json\/wp\/v2\/comments?post=6566"}],"version-history":[{"count":8,"href":"https:\/\/www.temperatur.nu\/info\/wp-json\/wp\/v2\/posts\/6566\/revisions"}],"predecessor-version":[{"id":6816,"href":"https:\/\/www.temperatur.nu\/info\/wp-json\/wp\/v2\/posts\/6566\/revisions\/6816"}],"wp:attachment":[{"href":"https:\/\/www.temperatur.nu\/info\/wp-json\/wp\/v2\/media?parent=6566"}],"wp:term":[{"taxonomy":"category","embeddable":true,"href":"https:\/\/www.temperatur.nu\/info\/wp-json\/wp\/v2\/categories?post=6566"},{"taxonomy":"post_tag","embeddable":true,"href":"https:\/\/www.temperatur.nu\/info\/wp-json\/wp\/v2\/tags?post=6566"}],"curies":[{"name":"wp","href":"https:\/\/api.w.org\/{rel}","templated":true}]}}